{"id":1,"name":"Fran\u00e7ois","url":"https:\/\/francoisostiguy.com","description":"Depuis vingt ans, je r\u00e9dige des textes pour la mise en march\u00e9, qu\u2019il s\u2019agisse de communiqu\u00e9s, de chroniques, de magazines de marketing direct ou de discours. Je peux aussi produire le mat\u00e9riel dont votre entreprise a besoin pour ses ressources humaines, dont des portraits, ou des photoreportages d\u2019\u00e9v\u00e9nements commandit\u00e9s.","link":"https:\/\/francoisostiguy.com\/en\/author\/frank\/","slug":"frank","avatar_urls":{"24":"https:\/\/secure.gravatar.com\/avatar\/5ebac7582ba3361b43e03e3cbc627b0c?s=24&d=mm&r=g","48":"https:\/\/secure.gravatar.com\/avatar\/5ebac7582ba3361b43e03e3cbc627b0c?s=48&d=mm&r=g","96":"https:\/\/secure.gravatar.com\/avatar\/5ebac7582ba3361b43e03e3cbc627b0c?s=96&d=mm&r=g"},"meta":[],"yoast_head":"<!-- This site is optimized with the Yoast SEO plugin v23.0 - https:\/\/yoast.com\/wordpress\/plugins\/seo\/ -->\n<title>Fran\u00e7ois Ostiguy, traducteur, reporter, photographe<\/title>\n<meta name=\"description\" content=\"Depuis vingt ans, je r\u00e9dige des textes pour la mise en march\u00e9, qu\u2019il s\u2019agisse de communiqu\u00e9s, de chroniques, de magazines de marketing direct ou de discours. Je peux aussi produire le mat\u00e9riel dont votre entreprise a besoin pour ses ressources humaines, dont des portraits, ou des photoreportages d\u2019\u00e9v\u00e9nements commandit\u00e9s.\" \/>\n<meta name=\"robots\" content=\"index, follow, max-snippet:-1, max-image-preview:large, max-video-preview:-1\" \/>\n<link rel=\"canonical\" href=\"https:\/\/francoisostiguy.com\/en\/author\/frank\/\" \/>\n<meta property=\"og:locale\" content=\"en_US\" \/>\n<meta property=\"og:type\" content=\"profile\" \/>\n<meta property=\"og:title\" content=\"Fran\u00e7ois Ostiguy, traducteur, reporter, photographe\" \/>\n<meta property=\"og:description\" content=\"Depuis vingt ans, je r\u00e9dige des textes pour la mise en march\u00e9, qu\u2019il s\u2019agisse de communiqu\u00e9s, de chroniques, de magazines de marketing direct ou de discours. Je peux aussi produire le mat\u00e9riel dont votre entreprise a besoin pour ses ressources humaines, dont des portraits, ou des photoreportages d\u2019\u00e9v\u00e9nements commandit\u00e9s.\" \/>\n<meta property=\"og:url\" content=\"https:\/\/francoisostiguy.com\/author\/frank\/\" \/>\n<meta property=\"og:site_name\" content=\"Fran\u00e7ois Ostiguy - Marketing Communication Reportage\" \/>\n<meta property=\"og:image\" content=\"https:\/\/secure.gravatar.com\/avatar\/5ebac7582ba3361b43e03e3cbc627b0c?s=500&d=mm&r=g\" \/>\n<script type=\"application\/ld+json\" class=\"yoast-schema-graph\">{\"@context\":\"https:\/\/schema.org\",\"@graph\":[{\"@type\":\"ProfilePage\",\"@id\":\"https:\/\/francoisostiguy.com\/author\/frank\/\",\"url\":\"https:\/\/francoisostiguy.com\/author\/frank\/\",\"name\":\"Fran\u00e7ois Ostiguy, traducteur, reporter, photographe\",\"isPartOf\":{\"@id\":\"https:\/\/francoisostiguy.com\/en\/#website\"},\"description\":\"Depuis vingt ans, je r\u00e9dige des textes pour la mise en march\u00e9, qu\u2019il s\u2019agisse de communiqu\u00e9s, de chroniques, de magazines de marketing direct ou de discours. Je peux aussi produire le mat\u00e9riel dont votre entreprise a besoin pour ses ressources humaines, dont des portraits, ou des photoreportages d\u2019\u00e9v\u00e9nements commandit\u00e9s.\",\"inLanguage\":\"en-US\",\"potentialAction\":[{\"@type\":\"ReadAction\",\"target\":[\"https:\/\/francoisostiguy.com\/author\/frank\/\"]}]},{\"@type\":\"WebSite\",\"@id\":\"https:\/\/francoisostiguy.com\/en\/#website\",\"url\":\"https:\/\/francoisostiguy.com\/en\/\",\"name\":\"Fran\u00e7ois Ostiguy - Marketing Communication Reportage\",\"description\":\"\",\"publisher\":{\"@id\":\"https:\/\/francoisostiguy.com\/en\/#organization\"},\"potentialAction\":[{\"@type\":\"SearchAction\",\"target\":{\"@type\":\"EntryPoint\",\"urlTemplate\":\"https:\/\/francoisostiguy.com\/en\/?s={search_term_string}\"},\"query-input\":\"required name=search_term_string\"}],\"inLanguage\":\"en-US\"},{\"@type\":\"Organization\",\"@id\":\"https:\/\/francoisostiguy.com\/en\/#organization\",\"name\":\"Fran\u00e7ois Ostiguy - Marketing Communication Reportage\",\"url\":\"https:\/\/francoisostiguy.com\/en\/\",\"logo\":{\"@type\":\"ImageObject\",\"inLanguage\":\"en-US\",\"@id\":\"https:\/\/francoisostiguy.com\/en\/#\/schema\/logo\/image\/\",\"url\":\"https:\/\/francoisostiguy.com\/wp-content\/uploads\/2024\/05\/SaddhusHiRes.jpg\",\"contentUrl\":\"https:\/\/francoisostiguy.com\/wp-content\/uploads\/2024\/05\/SaddhusHiRes.jpg\",\"width\":1618,\"height\":1080,\"caption\":\"Fran\u00e7ois Ostiguy - Marketing Communication Reportage\"},\"image\":{\"@id\":\"https:\/\/francoisostiguy.com\/en\/#\/schema\/logo\/image\/\"},\"sameAs\":[\"https:\/\/www.facebook.com\/francois.ostiguy.54\"]},{\"@type\":\"Person\",\"@id\":\"https:\/\/francoisostiguy.com\/en\/#\/schema\/person\/19d55cb2579647d4fb60871078f03903\",\"name\":\"Fran\u00e7ois\",\"image\":{\"@type\":\"ImageObject\",\"inLanguage\":\"en-US\",\"@id\":\"https:\/\/francoisostiguy.com\/en\/#\/schema\/person\/image\/\",\"url\":\"https:\/\/secure.gravatar.com\/avatar\/5ebac7582ba3361b43e03e3cbc627b0c?s=96&d=mm&r=g\",\"contentUrl\":\"https:\/\/secure.gravatar.com\/avatar\/5ebac7582ba3361b43e03e3cbc627b0c?s=96&d=mm&r=g\",\"caption\":\"Fran\u00e7ois\"},\"description\":\"Depuis vingt ans, je r\u00e9dige des textes pour la mise en march\u00e9, qu\u2019il s\u2019agisse de communiqu\u00e9s, de chroniques, de magazines de marketing direct ou de discours. Je peux aussi produire le mat\u00e9riel dont votre entreprise a besoin pour ses ressources humaines, dont des portraits, ou des photoreportages d\u2019\u00e9v\u00e9nements commandit\u00e9s.\",\"sameAs\":[\"https:\/\/francoisostiguy.com\",\"https:\/\/www.facebook.com\/francois.ostiguy.54?fref=ts\"],\"mainEntityOfPage\":{\"@id\":\"https:\/\/francoisostiguy.com\/author\/frank\/\"}}]}<\/script>\n<!-- \/ Yoast SEO plugin. -->","yoast_head_json":{"title":"Fran\u00e7ois Ostiguy, traducteur, reporter, photographe","description":"Depuis vingt ans, je r\u00e9dige des textes pour la mise en march\u00e9, qu\u2019il s\u2019agisse de communiqu\u00e9s, de chroniques, de magazines de marketing direct ou de discours. Je peux aussi produire le mat\u00e9riel dont votre entreprise a besoin pour ses ressources humaines, dont des portraits, ou des photoreportages d\u2019\u00e9v\u00e9nements commandit\u00e9s.","robots":{"index":"index","follow":"follow","max-snippet":"max-snippet:-1","max-image-preview":"max-image-preview:large","max-video-preview":"max-video-preview:-1"},"canonical":"https:\/\/francoisostiguy.com\/en\/author\/frank\/","og_locale":"en_US","og_type":"profile","og_title":"Fran\u00e7ois Ostiguy, traducteur, reporter, photographe","og_description":"Depuis vingt ans, je r\u00e9dige des textes pour la mise en march\u00e9, qu\u2019il s\u2019agisse de communiqu\u00e9s, de chroniques, de magazines de marketing direct ou de discours. Je peux aussi produire le mat\u00e9riel dont votre entreprise a besoin pour ses ressources humaines, dont des portraits, ou des photoreportages d\u2019\u00e9v\u00e9nements commandit\u00e9s.","og_url":"https:\/\/francoisostiguy.com\/author\/frank\/","og_site_name":"Fran\u00e7ois Ostiguy - Marketing Communication Reportage","og_image":[{"url":"https:\/\/secure.gravatar.com\/avatar\/5ebac7582ba3361b43e03e3cbc627b0c?s=500&d=mm&r=g"}],"schema":{"@context":"https:\/\/schema.org","@graph":[{"@type":"ProfilePage","@id":"https:\/\/francoisostiguy.com\/author\/frank\/","url":"https:\/\/francoisostiguy.com\/author\/frank\/","name":"Fran\u00e7ois Ostiguy, traducteur, reporter, photographe","isPartOf":{"@id":"https:\/\/francoisostiguy.com\/en\/#website"},"description":"Depuis vingt ans, je r\u00e9dige des textes pour la mise en march\u00e9, qu\u2019il s\u2019agisse de communiqu\u00e9s, de chroniques, de magazines de marketing direct ou de discours. Je peux aussi produire le mat\u00e9riel dont votre entreprise a besoin pour ses ressources humaines, dont des portraits, ou des photoreportages d\u2019\u00e9v\u00e9nements commandit\u00e9s.","inLanguage":"en-US","potentialAction":[{"@type":"ReadAction","target":["https:\/\/francoisostiguy.com\/author\/frank\/"]}]},{"@type":"WebSite","@id":"https:\/\/francoisostiguy.com\/en\/#website","url":"https:\/\/francoisostiguy.com\/en\/","name":"Fran\u00e7ois Ostiguy - Marketing Communication Reportage","description":"","publisher":{"@id":"https:\/\/francoisostiguy.com\/en\/#organization"},"potentialAction":[{"@type":"SearchAction","target":{"@type":"EntryPoint","urlTemplate":"https:\/\/francoisostiguy.com\/en\/?s={search_term_string}"},"query-input":"required name=search_term_string"}],"inLanguage":"en-US"},{"@type":"Organization","@id":"https:\/\/francoisostiguy.com\/en\/#organization","name":"Fran\u00e7ois Ostiguy - Marketing Communication Reportage","url":"https:\/\/francoisostiguy.com\/en\/","logo":{"@type":"ImageObject","inLanguage":"en-US","@id":"https:\/\/francoisostiguy.com\/en\/#\/schema\/logo\/image\/","url":"https:\/\/francoisostiguy.com\/wp-content\/uploads\/2024\/05\/SaddhusHiRes.jpg","contentUrl":"https:\/\/francoisostiguy.com\/wp-content\/uploads\/2024\/05\/SaddhusHiRes.jpg","width":1618,"height":1080,"caption":"Fran\u00e7ois Ostiguy - Marketing Communication Reportage"},"image":{"@id":"https:\/\/francoisostiguy.com\/en\/#\/schema\/logo\/image\/"},"sameAs":["https:\/\/www.facebook.com\/francois.ostiguy.54"]},{"@type":"Person","@id":"https:\/\/francoisostiguy.com\/en\/#\/schema\/person\/19d55cb2579647d4fb60871078f03903","name":"Fran\u00e7ois","image":{"@type":"ImageObject","inLanguage":"en-US","@id":"https:\/\/francoisostiguy.com\/en\/#\/schema\/person\/image\/","url":"https:\/\/secure.gravatar.com\/avatar\/5ebac7582ba3361b43e03e3cbc627b0c?s=96&d=mm&r=g","contentUrl":"https:\/\/secure.gravatar.com\/avatar\/5ebac7582ba3361b43e03e3cbc627b0c?s=96&d=mm&r=g","caption":"Fran\u00e7ois"},"description":"Depuis vingt ans, je r\u00e9dige des textes pour la mise en march\u00e9, qu\u2019il s\u2019agisse de communiqu\u00e9s, de chroniques, de magazines de marketing direct ou de discours. Je peux aussi produire le mat\u00e9riel dont votre entreprise a besoin pour ses ressources humaines, dont des portraits, ou des photoreportages d\u2019\u00e9v\u00e9nements commandit\u00e9s.","sameAs":["https:\/\/francoisostiguy.com","https:\/\/www.facebook.com\/francois.ostiguy.54?fref=ts"],"mainEntityOfPage":{"@id":"https:\/\/francoisostiguy.com\/author\/frank\/"}}]}},"_links":{"self":[{"href":"https:\/\/francoisostiguy.com\/en\/wp-json\/wp\/v2\/users\/1"}],"collection":[{"href":"https:\/\/francoisostiguy.com\/en\/wp-json\/wp\/v2\/users"}]}}